{"id":369,"date":"2024-06-29T02:13:46","date_gmt":"2024-06-29T02:13:46","guid":{"rendered":"http:\/\/povedacampinas.org.br\/?p=369"},"modified":"2024-06-29T02:13:46","modified_gmt":"2024-06-29T02:13:46","slug":"369","status":"publish","type":"post","link":"https:\/\/povedacampinas.org.br\/?p=369","title":{"rendered":"Celebrando Pentecostes"},"content":{"rendered":"<p style=\"text-align: center;\">Querido pessoal povedano, em parceria com o Ataendi -Centro de espiritualidade teresiana no Rio- , o Centro Poveda convida para um encontro presencial de ora\u00e7\u00e3o. Em tempos t\u00e3o sombrios queremos clamar juntos: Vem Esp\u00edrito, renova a face da terra e a nossa esperan\u00e7a!<br \/>\nAguardamos voc\u00eas.<\/p>\n<p style=\"text-align: center;\">Grande abra\u00e7o, em nome da equipe!<\/p>\n<p><img fetchpriority=\"high\" decoding=\"async\" class=\"alignleft size-full wp-image-370\" src=\"http:\/\/povedacampinas.org.br\/wp-content\/uploads\/2022\/05\/WhatsApp-Image-2022-05-29-at-22.37.46.jpeg\" alt=\"\" width=\"1280\" height=\"719\" srcset=\"https:\/\/povedacampinas.org.br\/wp-content\/uploads\/2022\/05\/WhatsApp-Image-2022-05-29-at-22.37.46.jpeg 1280w, https:\/\/povedacampinas.org.br\/wp-content\/uploads\/2022\/05\/WhatsApp-Image-2022-05-29-at-22.37.46-300x169.jpeg 300w, https:\/\/povedacampinas.org.br\/wp-content\/uploads\/2022\/05\/WhatsApp-Image-2022-05-29-at-22.37.46-768x431.jpeg 768w, https:\/\/povedacampinas.org.br\/wp-content\/uploads\/2022\/05\/WhatsApp-Image-2022-05-29-at-22.37.46-1024x575.jpeg 1024w\" sizes=\"(max-width: 1280px) 100vw, 1280px\" \/><\/p>\n","protected":false},"excerpt":{"rendered":"<p>Querido pessoal povedano, em parceria com o Ataendi -Centro de espiritualidade teresiana no Rio- , o Centro Poveda convida para um encontro presencial de ora&ccedil;&atilde;o. Em tempos t&atilde;o sombrios queremos clamar juntos: Vem Esp&iacute;rito, renova a face da terra e a nossa esperan&ccedil;a! Aguardamos voc&ecirc;s. Grande abra&ccedil;o, em nome da&#8230; <a class=\"continue-reading-link\" href=\"https:\/\/povedacampinas.org.br\/?p=369\"><\/a><\/p>\n","protected":false},"author":1,"featured_media":0,"comment_status":"open","ping_status":"open","sticky":false,"template":"","format":"standard","meta":{"_jetpack_memberships_contains_paid_content":false,"footnotes":""},"categories":[1],"tags":[],"yoast_head":"<!-- This site is optimized with the Yoast SEO plugin v22.9 - https:\/\/yoast.com\/wordpress\/plugins\/seo\/ -->\n<title>Celebrando Pentecostes - CENTRO CULTURAL POVEDA<\/title>\n<meta name=\"robots\" content=\"index, follow, max-snippet:-1, max-image-preview:large, max-video-preview:-1\" \/>\n<link rel=\"canonical\" href=\"https:\/\/povedacampinas.org.br\/?p=369\" \/>\n<meta property=\"og:locale\" content=\"pt_BR\" \/>\n<meta property=\"og:type\" content=\"article\" \/>\n<meta property=\"og:title\" content=\"Celebrando Pentecostes - CENTRO CULTURAL POVEDA\" \/>\n<meta property=\"og:description\" content=\"Querido pessoal povedano, em parceria com o Ataendi -Centro de espiritualidade teresiana no Rio- , o Centro Poveda convida para um encontro presencial de ora&ccedil;&atilde;o. Em tempos t&atilde;o sombrios queremos clamar juntos: Vem Esp&iacute;rito, renova a face da terra e a nossa esperan&ccedil;a! Aguardamos voc&ecirc;s. Grande abra&ccedil;o, em nome da...\" \/>\n<meta property=\"og:url\" content=\"https:\/\/povedacampinas.org.br\/?p=369\" \/>\n<meta property=\"og:site_name\" content=\"CENTRO CULTURAL POVEDA\" \/>\n<meta property=\"article:published_time\" content=\"2024-06-29T02:13:46+00:00\" \/>\n<meta property=\"og:image\" content=\"http:\/\/povedacampinas.org.br\/wp-content\/uploads\/2022\/05\/WhatsApp-Image-2022-05-29-at-22.37.46.jpeg\" \/>\n<meta name=\"author\" content=\"povedacampinas.org.br\" \/>\n<meta name=\"twitter:card\" content=\"summary_large_image\" \/>\n<meta name=\"twitter:label1\" content=\"Escrito por\" \/>\n\t<meta name=\"twitter:data1\" content=\"povedacampinas.org.br\" \/>\n\t<meta name=\"twitter:label2\" content=\"Est. tempo de leitura\" \/>\n\t<meta name=\"twitter:data2\" content=\"1 minuto\" \/>\n<script type=\"application\/ld+json\" class=\"yoast-schema-graph\">{\"@context\":\"https:\/\/schema.org\",\"@graph\":[{\"@type\":\"Article\",\"@id\":\"https:\/\/povedacampinas.org.br\/?p=369#article\",\"isPartOf\":{\"@id\":\"https:\/\/povedacampinas.org.br\/?p=369\"},\"author\":{\"name\":\"povedacampinas.org.br\",\"@id\":\"https:\/\/povedacampinas.org.br\/#\/schema\/person\/84c4810914a9e13b65b1215ed03c1a78\"},\"headline\":\"Celebrando Pentecostes\",\"datePublished\":\"2024-06-29T02:13:46+00:00\",\"dateModified\":\"2024-06-29T02:13:46+00:00\",\"mainEntityOfPage\":{\"@id\":\"https:\/\/povedacampinas.org.br\/?p=369\"},\"wordCount\":58,\"commentCount\":0,\"publisher\":{\"@id\":\"https:\/\/povedacampinas.org.br\/#organization\"},\"image\":{\"@id\":\"https:\/\/povedacampinas.org.br\/?p=369#primaryimage\"},\"thumbnailUrl\":\"http:\/\/povedacampinas.org.br\/wp-content\/uploads\/2022\/05\/WhatsApp-Image-2022-05-29-at-22.37.46.jpeg\",\"articleSection\":[\"Eventos\"],\"inLanguage\":\"pt-BR\",\"potentialAction\":[{\"@type\":\"CommentAction\",\"name\":\"Comment\",\"target\":[\"https:\/\/povedacampinas.org.br\/?p=369#respond\"]}]},{\"@type\":\"WebPage\",\"@id\":\"https:\/\/povedacampinas.org.br\/?p=369\",\"url\":\"https:\/\/povedacampinas.org.br\/?p=369\",\"name\":\"Celebrando Pentecostes - CENTRO CULTURAL POVEDA\",\"isPartOf\":{\"@id\":\"https:\/\/povedacampinas.org.br\/#website\"},\"primaryImageOfPage\":{\"@id\":\"https:\/\/povedacampinas.org.br\/?p=369#primaryimage\"},\"image\":{\"@id\":\"https:\/\/povedacampinas.org.br\/?p=369#primaryimage\"},\"thumbnailUrl\":\"http:\/\/povedacampinas.org.br\/wp-content\/uploads\/2022\/05\/WhatsApp-Image-2022-05-29-at-22.37.46.jpeg\",\"datePublished\":\"2024-06-29T02:13:46+00:00\",\"dateModified\":\"2024-06-29T02:13:46+00:00\",\"breadcrumb\":{\"@id\":\"https:\/\/povedacampinas.org.br\/?p=369#breadcrumb\"},\"inLanguage\":\"pt-BR\",\"potentialAction\":[{\"@type\":\"ReadAction\",\"target\":[\"https:\/\/povedacampinas.org.br\/?p=369\"]}]},{\"@type\":\"ImageObject\",\"inLanguage\":\"pt-BR\",\"@id\":\"https:\/\/povedacampinas.org.br\/?p=369#primaryimage\",\"url\":\"https:\/\/povedacampinas.org.br\/wp-content\/uploads\/2022\/05\/WhatsApp-Image-2022-05-29-at-22.37.46.jpeg\",\"contentUrl\":\"https:\/\/povedacampinas.org.br\/wp-content\/uploads\/2022\/05\/WhatsApp-Image-2022-05-29-at-22.37.46.jpeg\",\"width\":1280,\"height\":719},{\"@type\":\"BreadcrumbList\",\"@id\":\"https:\/\/povedacampinas.org.br\/?p=369#breadcrumb\",\"itemListElement\":[{\"@type\":\"ListItem\",\"position\":1,\"name\":\"In\u00edcio\",\"item\":\"https:\/\/povedacampinas.org.br\/\"},{\"@type\":\"ListItem\",\"position\":2,\"name\":\"Celebrando Pentecostes\"}]},{\"@type\":\"WebSite\",\"@id\":\"https:\/\/povedacampinas.org.br\/#website\",\"url\":\"https:\/\/povedacampinas.org.br\/\",\"name\":\"CENTRO CULTURAL POVEDA\",\"description\":\"F\u00e9 - Culturas - Justi\u00e7a\",\"publisher\":{\"@id\":\"https:\/\/povedacampinas.org.br\/#organization\"},\"potentialAction\":[{\"@type\":\"SearchAction\",\"target\":{\"@type\":\"EntryPoint\",\"urlTemplate\":\"https:\/\/povedacampinas.org.br\/?s={search_term_string}\"},\"query-input\":\"required name=search_term_string\"}],\"inLanguage\":\"pt-BR\"},{\"@type\":\"Organization\",\"@id\":\"https:\/\/povedacampinas.org.br\/#organization\",\"name\":\"Pens\u00e3o Pensionato Feminino\",\"url\":\"https:\/\/povedacampinas.org.br\/\",\"logo\":{\"@type\":\"ImageObject\",\"inLanguage\":\"pt-BR\",\"@id\":\"https:\/\/povedacampinas.org.br\/#\/schema\/logo\/image\/\",\"url\":\"https:\/\/povedacampinas.org.br\/wp-content\/uploads\/2024\/01\/logo-poveda-70aNOS.png\",\"contentUrl\":\"https:\/\/povedacampinas.org.br\/wp-content\/uploads\/2024\/01\/logo-poveda-70aNOS.png\",\"width\":500,\"height\":500,\"caption\":\"Pens\u00e3o Pensionato Feminino\"},\"image\":{\"@id\":\"https:\/\/povedacampinas.org.br\/#\/schema\/logo\/image\/\"}},{\"@type\":\"Person\",\"@id\":\"https:\/\/povedacampinas.org.br\/#\/schema\/person\/84c4810914a9e13b65b1215ed03c1a78\",\"name\":\"povedacampinas.org.br\",\"image\":{\"@type\":\"ImageObject\",\"inLanguage\":\"pt-BR\",\"@id\":\"https:\/\/povedacampinas.org.br\/#\/schema\/person\/image\/\",\"url\":\"https:\/\/secure.gravatar.com\/avatar\/e6769804ad117c94c9b3a3f7fcf23785?s=96&d=mm&r=g\",\"contentUrl\":\"https:\/\/secure.gravatar.com\/avatar\/e6769804ad117c94c9b3a3f7fcf23785?s=96&d=mm&r=g\",\"caption\":\"povedacampinas.org.br\"},\"url\":\"https:\/\/povedacampinas.org.br\/author\/povedacampinas-org-br\"}]}<\/script>\n<!-- \/ Yoast SEO plugin. -->","yoast_head_json":{"title":"Celebrando Pentecostes - CENTRO CULTURAL POVEDA","robots":{"index":"index","follow":"follow","max-snippet":"max-snippet:-1","max-image-preview":"max-image-preview:large","max-video-preview":"max-video-preview:-1"},"canonical":"https:\/\/povedacampinas.org.br\/?p=369","og_locale":"pt_BR","og_type":"article","og_title":"Celebrando Pentecostes - CENTRO CULTURAL POVEDA","og_description":"Querido pessoal povedano, em parceria com o Ataendi -Centro de espiritualidade teresiana no Rio- , o Centro Poveda convida para um encontro presencial de ora&ccedil;&atilde;o. Em tempos t&atilde;o sombrios queremos clamar juntos: Vem Esp&iacute;rito, renova a face da terra e a nossa esperan&ccedil;a! Aguardamos voc&ecirc;s. Grande abra&ccedil;o, em nome da...","og_url":"https:\/\/povedacampinas.org.br\/?p=369","og_site_name":"CENTRO CULTURAL POVEDA","article_published_time":"2024-06-29T02:13:46+00:00","og_image":[{"url":"http:\/\/povedacampinas.org.br\/wp-content\/uploads\/2022\/05\/WhatsApp-Image-2022-05-29-at-22.37.46.jpeg"}],"author":"povedacampinas.org.br","twitter_card":"summary_large_image","twitter_misc":{"Escrito por":"povedacampinas.org.br","Est. tempo de leitura":"1 minuto"},"schema":{"@context":"https:\/\/schema.org","@graph":[{"@type":"Article","@id":"https:\/\/povedacampinas.org.br\/?p=369#article","isPartOf":{"@id":"https:\/\/povedacampinas.org.br\/?p=369"},"author":{"name":"povedacampinas.org.br","@id":"https:\/\/povedacampinas.org.br\/#\/schema\/person\/84c4810914a9e13b65b1215ed03c1a78"},"headline":"Celebrando Pentecostes","datePublished":"2024-06-29T02:13:46+00:00","dateModified":"2024-06-29T02:13:46+00:00","mainEntityOfPage":{"@id":"https:\/\/povedacampinas.org.br\/?p=369"},"wordCount":58,"commentCount":0,"publisher":{"@id":"https:\/\/povedacampinas.org.br\/#organization"},"image":{"@id":"https:\/\/povedacampinas.org.br\/?p=369#primaryimage"},"thumbnailUrl":"http:\/\/povedacampinas.org.br\/wp-content\/uploads\/2022\/05\/WhatsApp-Image-2022-05-29-at-22.37.46.jpeg","articleSection":["Eventos"],"inLanguage":"pt-BR","potentialAction":[{"@type":"CommentAction","name":"Comment","target":["https:\/\/povedacampinas.org.br\/?p=369#respond"]}]},{"@type":"WebPage","@id":"https:\/\/povedacampinas.org.br\/?p=369","url":"https:\/\/povedacampinas.org.br\/?p=369","name":"Celebrando Pentecostes - CENTRO CULTURAL POVEDA","isPartOf":{"@id":"https:\/\/povedacampinas.org.br\/#website"},"primaryImageOfPage":{"@id":"https:\/\/povedacampinas.org.br\/?p=369#primaryimage"},"image":{"@id":"https:\/\/povedacampinas.org.br\/?p=369#primaryimage"},"thumbnailUrl":"http:\/\/povedacampinas.org.br\/wp-content\/uploads\/2022\/05\/WhatsApp-Image-2022-05-29-at-22.37.46.jpeg","datePublished":"2024-06-29T02:13:46+00:00","dateModified":"2024-06-29T02:13:46+00:00","breadcrumb":{"@id":"https:\/\/povedacampinas.org.br\/?p=369#breadcrumb"},"inLanguage":"pt-BR","potentialAction":[{"@type":"ReadAction","target":["https:\/\/povedacampinas.org.br\/?p=369"]}]},{"@type":"ImageObject","inLanguage":"pt-BR","@id":"https:\/\/povedacampinas.org.br\/?p=369#primaryimage","url":"https:\/\/povedacampinas.org.br\/wp-content\/uploads\/2022\/05\/WhatsApp-Image-2022-05-29-at-22.37.46.jpeg","contentUrl":"https:\/\/povedacampinas.org.br\/wp-content\/uploads\/2022\/05\/WhatsApp-Image-2022-05-29-at-22.37.46.jpeg","width":1280,"height":719},{"@type":"BreadcrumbList","@id":"https:\/\/povedacampinas.org.br\/?p=369#breadcrumb","itemListElement":[{"@type":"ListItem","position":1,"name":"In\u00edcio","item":"https:\/\/povedacampinas.org.br\/"},{"@type":"ListItem","position":2,"name":"Celebrando Pentecostes"}]},{"@type":"WebSite","@id":"https:\/\/povedacampinas.org.br\/#website","url":"https:\/\/povedacampinas.org.br\/","name":"CENTRO CULTURAL POVEDA","description":"F\u00e9 - Culturas - Justi\u00e7a","publisher":{"@id":"https:\/\/povedacampinas.org.br\/#organization"},"potentialAction":[{"@type":"SearchAction","target":{"@type":"EntryPoint","urlTemplate":"https:\/\/povedacampinas.org.br\/?s={search_term_string}"},"query-input":"required name=search_term_string"}],"inLanguage":"pt-BR"},{"@type":"Organization","@id":"https:\/\/povedacampinas.org.br\/#organization","name":"Pens\u00e3o Pensionato Feminino","url":"https:\/\/povedacampinas.org.br\/","logo":{"@type":"ImageObject","inLanguage":"pt-BR","@id":"https:\/\/povedacampinas.org.br\/#\/schema\/logo\/image\/","url":"https:\/\/povedacampinas.org.br\/wp-content\/uploads\/2024\/01\/logo-poveda-70aNOS.png","contentUrl":"https:\/\/povedacampinas.org.br\/wp-content\/uploads\/2024\/01\/logo-poveda-70aNOS.png","width":500,"height":500,"caption":"Pens\u00e3o Pensionato Feminino"},"image":{"@id":"https:\/\/povedacampinas.org.br\/#\/schema\/logo\/image\/"}},{"@type":"Person","@id":"https:\/\/povedacampinas.org.br\/#\/schema\/person\/84c4810914a9e13b65b1215ed03c1a78","name":"povedacampinas.org.br","image":{"@type":"ImageObject","inLanguage":"pt-BR","@id":"https:\/\/povedacampinas.org.br\/#\/schema\/person\/image\/","url":"https:\/\/secure.gravatar.com\/avatar\/e6769804ad117c94c9b3a3f7fcf23785?s=96&d=mm&r=g","contentUrl":"https:\/\/secure.gravatar.com\/avatar\/e6769804ad117c94c9b3a3f7fcf23785?s=96&d=mm&r=g","caption":"povedacampinas.org.br"},"url":"https:\/\/povedacampinas.org.br\/author\/povedacampinas-org-br"}]}},"jetpack_sharing_enabled":true,"jetpack_featured_media_url":"","_links":{"self":[{"href":"https:\/\/povedacampinas.org.br\/index.php?rest_route=\/wp\/v2\/posts\/369"}],"collection":[{"href":"https:\/\/povedacampinas.org.br\/index.php?rest_route=\/wp\/v2\/posts"}],"about":[{"href":"https:\/\/povedacampinas.org.br\/index.php?rest_route=\/wp\/v2\/types\/post"}],"author":[{"embeddable":true,"href":"https:\/\/povedacampinas.org.br\/index.php?rest_route=\/wp\/v2\/users\/1"}],"replies":[{"embeddable":true,"href":"https:\/\/povedacampinas.org.br\/index.php?rest_route=%2Fwp%2Fv2%2Fcomments&post=369"}],"version-history":[{"count":2,"href":"https:\/\/povedacampinas.org.br\/index.php?rest_route=\/wp\/v2\/posts\/369\/revisions"}],"predecessor-version":[{"id":372,"href":"https:\/\/povedacampinas.org.br\/index.php?rest_route=\/wp\/v2\/posts\/369\/revisions\/372"}],"wp:attachment":[{"href":"https:\/\/povedacampinas.org.br\/index.php?rest_route=%2Fwp%2Fv2%2Fmedia&parent=369"}],"wp:term":[{"taxonomy":"category","embeddable":true,"href":"https:\/\/povedacampinas.org.br\/index.php?rest_route=%2Fwp%2Fv2%2Fcategories&post=369"},{"taxonomy":"post_tag","embeddable":true,"href":"https:\/\/povedacampinas.org.br\/index.php?rest_route=%2Fwp%2Fv2%2Ftags&post=369"}],"curies":[{"name":"wp","href":"https:\/\/api.w.org\/{rel}","templated":true}]}}